{"id":1405,"date":"2026-04-17T06:55:45","date_gmt":"2026-04-17T06:55:45","guid":{"rendered":"https:\/\/viinitilameggala.fi\/?p=1405"},"modified":"2026-04-17T06:56:17","modified_gmt":"2026-04-17T06:56:17","slug":"meggala-laajenee-ja-kasvaa","status":"publish","type":"post","link":"https:\/\/viinitilameggala.fi\/en\/meggala-laajenee-ja-kasvaa\/","title":{"rendered":"Meggala laajenee ja kasvaa"},"content":{"rendered":"<p>Meggalan toiminta kasvaa ja kehittyy, ja t\u00e4m\u00e4n my\u00f6t\u00e4 olemme aloittamassa merkitt\u00e4v\u00e4n laajennuksen. Ravintolan puolta laajennetaan, mik\u00e4 tuo mukanaan lis\u00e4\u00e4 asiakaspaikkoja ja entist\u00e4 viihtyis\u00e4mm\u00e4t tilat vieraillemme. Samanaikaisesti my\u00f6s viinehtim\u00f6n ja tuotantotilojen laajennus k\u00e4ynnistyy, mik\u00e4 mahdollistaa toimintamme sujuvamman kehitt\u00e4misen ja kasvun.<\/p>\n\n\n\n<p>Laajennuksen ansiosta pystymme palvelemaan asiakkaitamme entist\u00e4 paremmin. Uudet, suuremmat tilat mahdollistavat my\u00f6s isompien ryhmien, kuten bussiseurueiden, vastaanottamisen mukavasti sis\u00e4tiloissa ymp\u00e4ri vuoden \u2013 my\u00f6s talvikaudella.<\/p>\n\n\n\n<p>Lis\u00e4ksi asiakasmukavuutta parannetaan rakentamalla lis\u00e4\u00e4 asiakas-wc-tiloja, mik\u00e4 tekee vierailusta entist\u00e4 sujuvamman ja miellytt\u00e4v\u00e4mm\u00e4n kaikille k\u00e4vij\u00f6ille.<\/p>\n\n\n\n<p>Laajennust\u00f6ist\u00e4 huolimatta viinimyym\u00e4l\u00e4 ja tilausravintola palvelevat asiakkaita viikoittain, emmek\u00e4 ole suljettuna kuin satunnaisina yksitt\u00e4isin\u00e4 p\u00e4ivin\u00e4. Meille voi siis tulla vierailemaan normaalisti my\u00f6s laajennuksen aikana.<\/p>\n\n\n\n<p>Odotamme innolla, ett\u00e4 p\u00e4\u00e4semme toivottamaan asiakkaamme tervetulleiksi uudistuneisiin ja entist\u00e4 toimivampiin tiloihin!<\/p>\n\n\n\n<p>Hanke toteutetaan yhteisty\u00f6ss\u00e4 ELY-keskuksen kanssa. Euroopan unionin osarahoittama. Euroopan maaseuturahasto 2023\u20132027. Investointituki. <\/p>\n\n\n\n<figure class=\"wp-block-image size-large\"><img fetchpriority=\"high\" decoding=\"async\" width=\"1024\" height=\"215\" src=\"https:\/\/viinitilameggala.fi\/wp-content\/uploads\/2026\/04\/FI-Euroopan-unionin-logo1-1024x215.png\" alt=\"\" class=\"wp-image-1406\" srcset=\"https:\/\/viinitilameggala.fi\/wp-content\/uploads\/2026\/04\/FI-Euroopan-unionin-logo1-1024x215.png 1024w, https:\/\/viinitilameggala.fi\/wp-content\/uploads\/2026\/04\/FI-Euroopan-unionin-logo1-300x63.png 300w, https:\/\/viinitilameggala.fi\/wp-content\/uploads\/2026\/04\/FI-Euroopan-unionin-logo1-768x161.png 768w, https:\/\/viinitilameggala.fi\/wp-content\/uploads\/2026\/04\/FI-Euroopan-unionin-logo1-1536x322.png 1536w, https:\/\/viinitilameggala.fi\/wp-content\/uploads\/2026\/04\/FI-Euroopan-unionin-logo1-2048x430.png 2048w, https:\/\/viinitilameggala.fi\/wp-content\/uploads\/2026\/04\/FI-Euroopan-unionin-logo1-18x4.png 18w\" sizes=\"(max-width: 1024px) 100vw, 1024px\" \/><\/figure>","protected":false},"excerpt":{"rendered":"<p>Meggalan toiminta kasvaa ja kehittyy, ja t\u00e4m\u00e4n my\u00f6t\u00e4 olemme aloittamassa merkitt\u00e4v\u00e4n laajennuksen. Ravintolan puolta laajennetaan, mik\u00e4 tuo mukanaan lis\u00e4\u00e4 asiakaspaikkoja [&hellip;]<\/p>","protected":false},"author":3,"featured_media":1406,"comment_status":"closed","ping_status":"closed","sticky":false,"template":"","format":"standard","meta":{"site-sidebar-layout":"default","site-content-layout":"","ast-site-content-layout":"","site-content-style":"default","site-sidebar-style":"default","ast-global-header-display":"","ast-banner-title-visibility":"","ast-main-header-display":"","ast-hfb-above-header-display":"","ast-hfb-below-header-display":"","ast-hfb-mobile-header-display":"","site-post-title":"","ast-breadcrumbs-content":"","ast-featured-img":"","footer-sml-layout":"","theme-transparent-header-meta":"","adv-header-id-meta":"","stick-header-meta":"","header-above-stick-meta":"","header-main-stick-meta":"","header-below-stick-meta":"","astra-migrate-meta-layouts":"default","ast-page-background-enabled":"default","ast-page-background-meta":{"desktop":{"background-color":"var(--ast-global-color-4)","background-image":"","background-repeat":"repeat","background-position":"center center","background-size":"auto","background-attachment":"scroll","background-type":"","background-media":"","overlay-type":"","overlay-color":"","overlay-opacity":"","overlay-gradient":""},"tablet":{"background-color":"","background-image":"","background-repeat":"repeat","background-position":"center center","background-size":"auto","background-attachment":"scroll","background-type":"","background-media":"","overlay-type":"","overlay-color":"","overlay-opacity":"","overlay-gradient":""},"mobile":{"background-color":"","background-image":"","background-repeat":"repeat","background-position":"center center","background-size":"auto","background-attachment":"scroll","background-type":"","background-media":"","overlay-type":"","overlay-color":"","overlay-opacity":"","overlay-gradient":""}},"ast-content-background-meta":{"desktop":{"background-color":"var(--ast-global-color-5)","background-image":"","background-repeat":"repeat","background-position":"center center","background-size":"auto","background-attachment":"scroll","background-type":"","background-media":"","overlay-type":"","overlay-color":"","overlay-opacity":"","overlay-gradient":""},"tablet":{"background-color":"var(--ast-global-color-5)","background-image":"","background-repeat":"repeat","background-position":"center center","background-size":"auto","background-attachment":"scroll","background-type":"","background-media":"","overlay-type":"","overlay-color":"","overlay-opacity":"","overlay-gradient":""},"mobile":{"background-color":"var(--ast-global-color-5)","background-image":"","background-repeat":"repeat","background-position":"center center","background-size":"auto","background-attachment":"scroll","background-type":"","background-media":"","overlay-type":"","overlay-color":"","overlay-opacity":"","overlay-gradient":""}},"footnotes":""},"categories":[1],"tags":[],"class_list":["post-1405","post","type-post","status-publish","format-standard","has-post-thumbnail","hentry","category-uncategorized"],"yoast_head":"<!-- This site is optimized with the Yoast SEO plugin v23.6 - https:\/\/yoast.com\/wordpress\/plugins\/seo\/ -->\n<title>Meggala laajenee ja kasvaa - Viinitila Meggala<\/title>\n<meta name=\"robots\" content=\"index, follow, max-snippet:-1, max-image-preview:large, max-video-preview:-1\" \/>\n<link rel=\"canonical\" href=\"https:\/\/viinitilameggala.fi\/en\/meggala-laajenee-ja-kasvaa\/\" \/>\n<meta property=\"og:locale\" content=\"en_GB\" \/>\n<meta property=\"og:type\" content=\"article\" \/>\n<meta property=\"og:title\" content=\"Meggala laajenee ja kasvaa - Viinitila Meggala\" \/>\n<meta property=\"og:description\" content=\"Meggalan toiminta kasvaa ja kehittyy, ja t\u00e4m\u00e4n my\u00f6t\u00e4 olemme aloittamassa merkitt\u00e4v\u00e4n laajennuksen. Ravintolan puolta laajennetaan, mik\u00e4 tuo mukanaan lis\u00e4\u00e4 asiakaspaikkoja [&hellip;]\" \/>\n<meta property=\"og:url\" content=\"https:\/\/viinitilameggala.fi\/en\/meggala-laajenee-ja-kasvaa\/\" \/>\n<meta property=\"og:site_name\" content=\"Viinitila Meggala\" \/>\n<meta property=\"article:published_time\" content=\"2026-04-17T06:55:45+00:00\" \/>\n<meta property=\"article:modified_time\" content=\"2026-04-17T06:56:17+00:00\" \/>\n<meta property=\"og:image\" content=\"https:\/\/viinitilameggala.fi\/wp-content\/uploads\/2026\/04\/FI-Euroopan-unionin-logo1-scaled.png\" \/>\n\t<meta property=\"og:image:width\" content=\"2560\" \/>\n\t<meta property=\"og:image:height\" content=\"537\" \/>\n\t<meta property=\"og:image:type\" content=\"image\/png\" \/>\n<meta name=\"author\" content=\"meggala\" \/>\n<meta name=\"twitter:card\" content=\"summary_large_image\" \/>\n<meta name=\"twitter:label1\" content=\"Written by\" \/>\n\t<meta name=\"twitter:data1\" content=\"meggala\" \/>\n\t<meta name=\"twitter:label2\" content=\"Estimated reading time\" \/>\n\t<meta name=\"twitter:data2\" content=\"1 minute\" \/>\n<script type=\"application\/ld+json\" class=\"yoast-schema-graph\">{\"@context\":\"https:\/\/schema.org\",\"@graph\":[{\"@type\":\"WebPage\",\"@id\":\"https:\/\/viinitilameggala.fi\/meggala-laajenee-ja-kasvaa\/\",\"url\":\"https:\/\/viinitilameggala.fi\/meggala-laajenee-ja-kasvaa\/\",\"name\":\"Meggala laajenee ja kasvaa - Viinitila Meggala\",\"isPartOf\":{\"@id\":\"https:\/\/viinitilameggala.fi\/#website\"},\"primaryImageOfPage\":{\"@id\":\"https:\/\/viinitilameggala.fi\/meggala-laajenee-ja-kasvaa\/#primaryimage\"},\"image\":{\"@id\":\"https:\/\/viinitilameggala.fi\/meggala-laajenee-ja-kasvaa\/#primaryimage\"},\"thumbnailUrl\":\"https:\/\/viinitilameggala.fi\/wp-content\/uploads\/2026\/04\/FI-Euroopan-unionin-logo1-scaled.png\",\"datePublished\":\"2026-04-17T06:55:45+00:00\",\"dateModified\":\"2026-04-17T06:56:17+00:00\",\"author\":{\"@id\":\"https:\/\/viinitilameggala.fi\/#\/schema\/person\/ddc428c8ec870ebb17ad31aa1d538df9\"},\"breadcrumb\":{\"@id\":\"https:\/\/viinitilameggala.fi\/meggala-laajenee-ja-kasvaa\/#breadcrumb\"},\"inLanguage\":\"en-GB\",\"potentialAction\":[{\"@type\":\"ReadAction\",\"target\":[\"https:\/\/viinitilameggala.fi\/meggala-laajenee-ja-kasvaa\/\"]}]},{\"@type\":\"ImageObject\",\"inLanguage\":\"en-GB\",\"@id\":\"https:\/\/viinitilameggala.fi\/meggala-laajenee-ja-kasvaa\/#primaryimage\",\"url\":\"https:\/\/viinitilameggala.fi\/wp-content\/uploads\/2026\/04\/FI-Euroopan-unionin-logo1-scaled.png\",\"contentUrl\":\"https:\/\/viinitilameggala.fi\/wp-content\/uploads\/2026\/04\/FI-Euroopan-unionin-logo1-scaled.png\",\"width\":2560,\"height\":537},{\"@type\":\"BreadcrumbList\",\"@id\":\"https:\/\/viinitilameggala.fi\/meggala-laajenee-ja-kasvaa\/#breadcrumb\",\"itemListElement\":[{\"@type\":\"ListItem\",\"position\":1,\"name\":\"Etusivu\",\"item\":\"https:\/\/viinitilameggala.fi\/\"},{\"@type\":\"ListItem\",\"position\":2,\"name\":\"Meggala laajenee ja kasvaa\"}]},{\"@type\":\"WebSite\",\"@id\":\"https:\/\/viinitilameggala.fi\/#website\",\"url\":\"https:\/\/viinitilameggala.fi\/\",\"name\":\"Viinitila Meggala\",\"description\":\"Laadukkaita viinej\u00e4 joka hetkeen\",\"potentialAction\":[{\"@type\":\"SearchAction\",\"target\":{\"@type\":\"EntryPoint\",\"urlTemplate\":\"https:\/\/viinitilameggala.fi\/?s={search_term_string}\"},\"query-input\":{\"@type\":\"PropertyValueSpecification\",\"valueRequired\":true,\"valueName\":\"search_term_string\"}}],\"inLanguage\":\"en-GB\"},{\"@type\":\"Person\",\"@id\":\"https:\/\/viinitilameggala.fi\/#\/schema\/person\/ddc428c8ec870ebb17ad31aa1d538df9\",\"name\":\"meggala\",\"url\":\"https:\/\/viinitilameggala.fi\/en\/author\/meggala\/\"}]}<\/script>\n<!-- \/ Yoast SEO plugin. -->","yoast_head_json":{"title":"Meggala laajenee ja kasvaa - Viinitila Meggala","robots":{"index":"index","follow":"follow","max-snippet":"max-snippet:-1","max-image-preview":"max-image-preview:large","max-video-preview":"max-video-preview:-1"},"canonical":"https:\/\/viinitilameggala.fi\/en\/meggala-laajenee-ja-kasvaa\/","og_locale":"en_GB","og_type":"article","og_title":"Meggala laajenee ja kasvaa - Viinitila Meggala","og_description":"Meggalan toiminta kasvaa ja kehittyy, ja t\u00e4m\u00e4n my\u00f6t\u00e4 olemme aloittamassa merkitt\u00e4v\u00e4n laajennuksen. Ravintolan puolta laajennetaan, mik\u00e4 tuo mukanaan lis\u00e4\u00e4 asiakaspaikkoja [&hellip;]","og_url":"https:\/\/viinitilameggala.fi\/en\/meggala-laajenee-ja-kasvaa\/","og_site_name":"Viinitila Meggala","article_published_time":"2026-04-17T06:55:45+00:00","article_modified_time":"2026-04-17T06:56:17+00:00","og_image":[{"width":2560,"height":537,"url":"https:\/\/viinitilameggala.fi\/wp-content\/uploads\/2026\/04\/FI-Euroopan-unionin-logo1-scaled.png","type":"image\/png"}],"author":"meggala","twitter_card":"summary_large_image","twitter_misc":{"Written by":"meggala","Estimated reading time":"1 minute"},"schema":{"@context":"https:\/\/schema.org","@graph":[{"@type":"WebPage","@id":"https:\/\/viinitilameggala.fi\/meggala-laajenee-ja-kasvaa\/","url":"https:\/\/viinitilameggala.fi\/meggala-laajenee-ja-kasvaa\/","name":"Meggala laajenee ja kasvaa - Viinitila Meggala","isPartOf":{"@id":"https:\/\/viinitilameggala.fi\/#website"},"primaryImageOfPage":{"@id":"https:\/\/viinitilameggala.fi\/meggala-laajenee-ja-kasvaa\/#primaryimage"},"image":{"@id":"https:\/\/viinitilameggala.fi\/meggala-laajenee-ja-kasvaa\/#primaryimage"},"thumbnailUrl":"https:\/\/viinitilameggala.fi\/wp-content\/uploads\/2026\/04\/FI-Euroopan-unionin-logo1-scaled.png","datePublished":"2026-04-17T06:55:45+00:00","dateModified":"2026-04-17T06:56:17+00:00","author":{"@id":"https:\/\/viinitilameggala.fi\/#\/schema\/person\/ddc428c8ec870ebb17ad31aa1d538df9"},"breadcrumb":{"@id":"https:\/\/viinitilameggala.fi\/meggala-laajenee-ja-kasvaa\/#breadcrumb"},"inLanguage":"en-GB","potentialAction":[{"@type":"ReadAction","target":["https:\/\/viinitilameggala.fi\/meggala-laajenee-ja-kasvaa\/"]}]},{"@type":"ImageObject","inLanguage":"en-GB","@id":"https:\/\/viinitilameggala.fi\/meggala-laajenee-ja-kasvaa\/#primaryimage","url":"https:\/\/viinitilameggala.fi\/wp-content\/uploads\/2026\/04\/FI-Euroopan-unionin-logo1-scaled.png","contentUrl":"https:\/\/viinitilameggala.fi\/wp-content\/uploads\/2026\/04\/FI-Euroopan-unionin-logo1-scaled.png","width":2560,"height":537},{"@type":"BreadcrumbList","@id":"https:\/\/viinitilameggala.fi\/meggala-laajenee-ja-kasvaa\/#breadcrumb","itemListElement":[{"@type":"ListItem","position":1,"name":"Etusivu","item":"https:\/\/viinitilameggala.fi\/"},{"@type":"ListItem","position":2,"name":"Meggala laajenee ja kasvaa"}]},{"@type":"WebSite","@id":"https:\/\/viinitilameggala.fi\/#website","url":"https:\/\/viinitilameggala.fi\/","name":"Viinitila Meggala","description":"Laadukkaita viinej\u00e4 joka hetkeen","potentialAction":[{"@type":"SearchAction","target":{"@type":"EntryPoint","urlTemplate":"https:\/\/viinitilameggala.fi\/?s={search_term_string}"},"query-input":{"@type":"PropertyValueSpecification","valueRequired":true,"valueName":"search_term_string"}}],"inLanguage":"en-GB"},{"@type":"Person","@id":"https:\/\/viinitilameggala.fi\/#\/schema\/person\/ddc428c8ec870ebb17ad31aa1d538df9","name":"meggala","url":"https:\/\/viinitilameggala.fi\/en\/author\/meggala\/"}]}},"_links":{"self":[{"href":"https:\/\/viinitilameggala.fi\/en\/wp-json\/wp\/v2\/posts\/1405","targetHints":{"allow":["GET"]}}],"collection":[{"href":"https:\/\/viinitilameggala.fi\/en\/wp-json\/wp\/v2\/posts"}],"about":[{"href":"https:\/\/viinitilameggala.fi\/en\/wp-json\/wp\/v2\/types\/post"}],"author":[{"embeddable":true,"href":"https:\/\/viinitilameggala.fi\/en\/wp-json\/wp\/v2\/users\/3"}],"replies":[{"embeddable":true,"href":"https:\/\/viinitilameggala.fi\/en\/wp-json\/wp\/v2\/comments?post=1405"}],"version-history":[{"count":1,"href":"https:\/\/viinitilameggala.fi\/en\/wp-json\/wp\/v2\/posts\/1405\/revisions"}],"predecessor-version":[{"id":1407,"href":"https:\/\/viinitilameggala.fi\/en\/wp-json\/wp\/v2\/posts\/1405\/revisions\/1407"}],"wp:featuredmedia":[{"embeddable":true,"href":"https:\/\/viinitilameggala.fi\/en\/wp-json\/wp\/v2\/media\/1406"}],"wp:attachment":[{"href":"https:\/\/viinitilameggala.fi\/en\/wp-json\/wp\/v2\/media?parent=1405"}],"wp:term":[{"taxonomy":"category","embeddable":true,"href":"https:\/\/viinitilameggala.fi\/en\/wp-json\/wp\/v2\/categories?post=1405"},{"taxonomy":"post_tag","embeddable":true,"href":"https:\/\/viinitilameggala.fi\/en\/wp-json\/wp\/v2\/tags?post=1405"}],"curies":[{"name":"wp","href":"https:\/\/api.w.org\/{rel}","templated":true}]}}